{"id":1066,"date":"2019-04-18T15:09:10","date_gmt":"2019-04-18T15:09:10","guid":{"rendered":"https:\/\/www.atelierappliances.it\/?p=1066"},"modified":"2019-04-18T15:11:06","modified_gmt":"2019-04-18T15:11:06","slug":"mario-imparato","status":"publish","type":"post","link":"https:\/\/www.atelierappliances.it\/it\/i-protagonisti\/relatori\/mario-imparato\/","title":{"rendered":"Mario Imparato"},"content":{"rendered":"<p>Nato a Milano nel 1978, laureato in Ingegneria delle telecomunicazioni al Politecnico di Milano, da luglio 2016 \u00e8 direttore generale di APPLiA Italia, l\u2019Associazione Confindustriale che riunisce oltre 100 aziende che operano in Italia nel settore degli elettrodomestici e attrezzature professionali per ristorazione e ospitalit\u00e0. Ha svolto la sua attivit\u00e0 lavorativa nel settore degli apparecchi domestici con ruoli di crescente responsabilit\u00e0, prima in Federazione Anie e, dal 2007, in Ceced Italia. \u00c8 membro del Consiglio di Amministrazione di Ediel, societ\u00e0 che opera nella semplificazione delle procedure commerciali ed operative che regolano le relazioni tra i diversi attori della filiera eldom, del Consiglio di Presidenza del Comitato Italiano Gas e del Consiglio del Comitato Termotecnico Italiano.<\/p>\n<p><em><strong>&#8220;L\u2019economia circolare vista da APPLiA Italia&#8221;<\/strong><\/em><\/p>\n<p>\u201cAbbiamo bisogno di un approccio come Societ\u00e0 Circolare per garantire un&#8217;effettiva Economia Circolare\u201d. \u00c8 un obiettivo che le aziende del settore dell\u2019elettrodomestico affrontano quotidianamente, dando vita ad una industria realmente circolare prima ancora che il concetto di Economia Circolare si sviluppasse nella collettivit\u00e0: se conferiti e trattati correttamente oggi \u00e8 possibile il recupero di circa il 90% dei materiali impiegati negli elettrodomestici. Per creare un processo realmente virtuoso \u00e8 per\u00f2 indispensabile l\u2019impegno di tutti gli attori della filiera, produttori, distributori, consumatori, operatori del fine vita e istituzioni\u201d.<\/p>\n<p style=\"text-align: left\"><a class=\"btn btn-lg btn-primary m-1\" href=\"https:\/\/www.atelierappliances.it\/it\/programma\/\" target=\"_blank\" rel=\"noopener noreferrer\">Torna ai relatori \u00bb<\/a><\/p>\n","protected":false},"excerpt":{"rendered":"<p>Nato a Milano nel 1978, laureato in Ingegneria delle telecomunicazioni al Politecnico di Milano, da luglio 2016 \u00e8 direttore generale di APPLiA Italia, l\u2019Associazione Confindustriale che riunisce oltre 100 aziende che operano in Italia nel settore degli elettrodomestici e attrezzature professionali per ristorazione e ospitalit\u00e0. Ha svolto la sua attivit\u00e0 lavorativa nel settore degli apparecchi [&hellip;]<\/p>\n","protected":false},"author":12,"featured_media":1062,"comment_status":"open","ping_status":"open","sticky":false,"template":"","format":"standard","meta":[],"categories":[10],"tags":[],"acf":[],"aioseo_notices":[],"_links":{"self":[{"href":"https:\/\/www.atelierappliances.it\/it\/wp-json\/wp\/v2\/posts\/1066"}],"collection":[{"href":"https:\/\/www.atelierappliances.it\/it\/wp-json\/wp\/v2\/posts"}],"about":[{"href":"https:\/\/www.atelierappliances.it\/it\/wp-json\/wp\/v2\/types\/post"}],"author":[{"embeddable":true,"href":"https:\/\/www.atelierappliances.it\/it\/wp-json\/wp\/v2\/users\/12"}],"replies":[{"embeddable":true,"href":"https:\/\/www.atelierappliances.it\/it\/wp-json\/wp\/v2\/comments?post=1066"}],"version-history":[{"count":1,"href":"https:\/\/www.atelierappliances.it\/it\/wp-json\/wp\/v2\/posts\/1066\/revisions"}],"predecessor-version":[{"id":1067,"href":"https:\/\/www.atelierappliances.it\/it\/wp-json\/wp\/v2\/posts\/1066\/revisions\/1067"}],"wp:featuredmedia":[{"embeddable":true,"href":"https:\/\/www.atelierappliances.it\/it\/wp-json\/wp\/v2\/media\/1062"}],"wp:attachment":[{"href":"https:\/\/www.atelierappliances.it\/it\/wp-json\/wp\/v2\/media?parent=1066"}],"wp:term":[{"taxonomy":"category","embeddable":true,"href":"https:\/\/www.atelierappliances.it\/it\/wp-json\/wp\/v2\/categories?post=1066"},{"taxonomy":"post_tag","embeddable":true,"href":"https:\/\/www.atelierappliances.it\/it\/wp-json\/wp\/v2\/tags?post=1066"}],"curies":[{"name":"wp","href":"https:\/\/api.w.org\/{rel}","templated":true}]}}